{"id":1292,"date":"2026-01-27T22:03:54","date_gmt":"2026-01-28T02:03:54","guid":{"rendered":"http:\/\/comisiondeportivatouring.com\/site\/?p=1292"},"modified":"2026-01-27T22:03:54","modified_gmt":"2026-01-28T02:03:54","slug":"javier-ripoll-jr-podio-en-copa-michelin-de-portimao","status":"publish","type":"post","link":"http:\/\/comisiondeportivatouring.com\/site\/index.php\/2026\/01\/27\/javier-ripoll-jr-podio-en-copa-michelin-de-portimao\/","title":{"rendered":"JAVIER RIPOLL JR., PODIO EN COPA MICHELIN DE PORTIM\u00c3O"},"content":{"rendered":"<figure id=\"attachment_1294\" aria-describedby=\"caption-attachment-1294\" style=\"width: 300px\" class=\"wp-caption alignleft\"><img loading=\"lazy\" class=\"size-medium wp-image-1294\" src=\"http:\/\/comisiondeportivatouring.com\/site\/wp-content\/uploads\/2026\/01\/JavierRipollJr_02-300x221.jpg\" alt=\"Javier Ripoll Jr.\" width=\"300\" height=\"221\" srcset=\"http:\/\/comisiondeportivatouring.com\/site\/wp-content\/uploads\/2026\/01\/JavierRipollJr_02-300x221.jpg 300w, http:\/\/comisiondeportivatouring.com\/site\/wp-content\/uploads\/2026\/01\/JavierRipollJr_02.jpg 748w\" sizes=\"(max-width: 300px) 100vw, 300px\" \/><figcaption id=\"caption-attachment-1294\" class=\"wp-caption-text\">Javier Ripoll Jr.<\/figcaption><\/figure>\n<p>Javier Ripoll Jr. sali\u00f3 de Portim\u00e3o con un podio en la Copa Michelin en la Porsche Sprint Challenge Southern Europe Club Division, tras un domingo dominado por la fuerte lluvia y el agarre inestable en el Aut\u00f3dromo Internacional do Algarve<\/p>\n<p>La clasificaci\u00f3n del 25 de enero de 2026 se llev\u00f3 a cabo en condiciones de lluvia y Ripoll Jr. coloc\u00f3 el Porsche 911 GT3 Cup No. 91 (992) en tercer lugar en la Copa Michelin, estableciendo una mejor vuelta de 2:05.061.<\/p>\n<p>En la Carrera 1, Ripoll Jr. logr\u00f3 un podio en su categor\u00eda, terminando segundo en la Copa Michelin tras 18 vueltas, a 35.731 segundos de Joel Monegro. Su vuelta m\u00e1s r\u00e1pida fue de 1:49.932.<\/p>\n<p>La segunda carrera dur\u00f3 14 vueltas y Ripoll Jr. termin\u00f3 cuarto en la Copa Michelin, a 13,455<\/p>\n<figure id=\"attachment_1293\" aria-describedby=\"caption-attachment-1293\" style=\"width: 300px\" class=\"wp-caption alignright\"><img loading=\"lazy\" class=\"size-medium wp-image-1293\" src=\"http:\/\/comisiondeportivatouring.com\/site\/wp-content\/uploads\/2026\/01\/COPA-Porsche-01-Portimao-300x173.jpg\" alt=\"\" width=\"300\" height=\"173\" srcset=\"http:\/\/comisiondeportivatouring.com\/site\/wp-content\/uploads\/2026\/01\/COPA-Porsche-01-Portimao-300x173.jpg 300w, http:\/\/comisiondeportivatouring.com\/site\/wp-content\/uploads\/2026\/01\/COPA-Porsche-01-Portimao-768x444.jpg 768w, http:\/\/comisiondeportivatouring.com\/site\/wp-content\/uploads\/2026\/01\/COPA-Porsche-01-Portimao.jpg 836w\" sizes=\"(max-width: 300px) 100vw, 300px\" \/><figcaption id=\"caption-attachment-1293\" class=\"wp-caption-text\">Copa Michelin Serie Porsche Portim\u00e3o<\/figcaption><\/figure>\n<p>segundos de la victoria, con una mejor vuelta de 2:06,512. La carrera incluy\u00f3 un periodo de coche de seguridad de seis minutos y 30 segundos, ya que las condiciones segu\u00edan cambiando.<\/p>\n<p>El clima del domingo fue la constante. Fuertes lluvias afectaron el circuito durante todo el d\u00eda, provocando vueltas en mojado y reduciendo el agarre, con zonas h\u00famedas que persistieron incluso cuando partes de la pista comenzaron a secarse m\u00e1s tarde. Se reportaron vientos con r\u00e1fagas de entre 40 y 60 km\/h, y la lluvia ligera continu\u00f3 durante la noche.<\/p>\n<figure id=\"attachment_1296\" aria-describedby=\"caption-attachment-1296\" style=\"width: 300px\" class=\"wp-caption alignleft\"><img loading=\"lazy\" class=\"size-medium wp-image-1296\" src=\"http:\/\/comisiondeportivatouring.com\/site\/wp-content\/uploads\/2026\/01\/JavierRipollJr_01-300x194.jpg\" alt=\"\" width=\"300\" height=\"194\" srcset=\"http:\/\/comisiondeportivatouring.com\/site\/wp-content\/uploads\/2026\/01\/JavierRipollJr_01-300x194.jpg 300w, http:\/\/comisiondeportivatouring.com\/site\/wp-content\/uploads\/2026\/01\/JavierRipollJr_01-768x498.jpg 768w, http:\/\/comisiondeportivatouring.com\/site\/wp-content\/uploads\/2026\/01\/JavierRipollJr_01.jpg 850w\" sizes=\"(max-width: 300px) 100vw, 300px\" \/><figcaption id=\"caption-attachment-1296\" class=\"wp-caption-text\">Podio Carrera N\u00b0 1 Copa Michelin<\/figcaption><\/figure>\n<p>Raimo Kulli dijo que el equipo pas\u00f3 la mayor parte del d\u00eda reaccionando a las condiciones en lugar de buscar el mejor tiempo por vuelta. \u00abCon un clima como este, se gestiona el riesgo en cada vuelta\u00bb, dijo Kulli. \u00abLa clasificaci\u00f3n de Javier nos puso en el lugar correcto y el resultado de la Carrera 1 se debi\u00f3 a mantenernos limpios y tomar las decisiones correctas\u00bb.<\/p>\n<p>Alex Reimann destac\u00f3 c\u00f3mo cambi\u00f3 la pista a lo largo del d\u00eda. \u00abNo se trat\u00f3 de un conjunto \u00fanico de condiciones\u00bb, dijo Reimann. \u00abEl agarre iba y ven\u00eda, y pod\u00edas perderlo en una curva incluso si la vuelta anterior se sent\u00eda bien. Desde ese punto de vista, el podio de la Carrera 1 y un buen resultado en la Carrera 2 son un buen resultado\u00bb.<\/p>\n<p>Resultados (Copa Michelin, Divisi\u00f3n Club)<\/p>\n<p>Clasificaci\u00f3n: P3, 2:05.061<br \/>\nCarrera 1: P2, +35.731s (18 vueltas)<br \/>\nCarrera 2: P4, +13.455s (14 vueltas)<\/p>\n<p><img loading=\"lazy\" class=\"alignnone size-full wp-image-1295\" src=\"http:\/\/comisiondeportivatouring.com\/site\/wp-content\/uploads\/2026\/01\/EST1Racing_01.jpg\" alt=\"\" width=\"260\" height=\"68\" \/><\/p>\n<p>&nbsp;<\/p>\n<h4>Prensa EST1RACING \/ Prensa CDAV-TACV \/ Carlos Suchanek<\/h4>\n<p><img loading=\"lazy\" class=\"size-medium wp-image-1289 alignright\" src=\"http:\/\/comisiondeportivatouring.com\/site\/wp-content\/uploads\/2026\/01\/logo_miembroFIA_revisado_02-300x136.png\" alt=\"\" width=\"300\" height=\"136\" srcset=\"http:\/\/comisiondeportivatouring.com\/site\/wp-content\/uploads\/2026\/01\/logo_miembroFIA_revisado_02-300x136.png 300w, http:\/\/comisiondeportivatouring.com\/site\/wp-content\/uploads\/2026\/01\/logo_miembroFIA_revisado_02-1024x465.png 1024w, http:\/\/comisiondeportivatouring.com\/site\/wp-content\/uploads\/2026\/01\/logo_miembroFIA_revisado_02-768x349.png 768w, http:\/\/comisiondeportivatouring.com\/site\/wp-content\/uploads\/2026\/01\/logo_miembroFIA_revisado_02-1536x698.png 1536w, http:\/\/comisiondeportivatouring.com\/site\/wp-content\/uploads\/2026\/01\/logo_miembroFIA_revisado_02-2048x930.png 2048w\" sizes=\"(max-width: 300px) 100vw, 300px\" \/><\/p>\n","protected":false},"excerpt":{"rendered":"<p>Javier Ripoll Jr. sali\u00f3 de Portim\u00e3o con un podio en la Copa Michelin en la Porsche Sprint Challenge Southern Europe<\/p>\n","protected":false},"author":1,"featured_media":1294,"comment_status":"closed","ping_status":"open","sticky":false,"template":"","format":"standard","meta":[],"categories":[4,7],"tags":[10],"_links":{"self":[{"href":"http:\/\/comisiondeportivatouring.com\/site\/index.php\/wp-json\/wp\/v2\/posts\/1292"}],"collection":[{"href":"http:\/\/comisiondeportivatouring.com\/site\/index.php\/wp-json\/wp\/v2\/posts"}],"about":[{"href":"http:\/\/comisiondeportivatouring.com\/site\/index.php\/wp-json\/wp\/v2\/types\/post"}],"author":[{"embeddable":true,"href":"http:\/\/comisiondeportivatouring.com\/site\/index.php\/wp-json\/wp\/v2\/users\/1"}],"replies":[{"embeddable":true,"href":"http:\/\/comisiondeportivatouring.com\/site\/index.php\/wp-json\/wp\/v2\/comments?post=1292"}],"version-history":[{"count":1,"href":"http:\/\/comisiondeportivatouring.com\/site\/index.php\/wp-json\/wp\/v2\/posts\/1292\/revisions"}],"predecessor-version":[{"id":1297,"href":"http:\/\/comisiondeportivatouring.com\/site\/index.php\/wp-json\/wp\/v2\/posts\/1292\/revisions\/1297"}],"wp:featuredmedia":[{"embeddable":true,"href":"http:\/\/comisiondeportivatouring.com\/site\/index.php\/wp-json\/wp\/v2\/media\/1294"}],"wp:attachment":[{"href":"http:\/\/comisiondeportivatouring.com\/site\/index.php\/wp-json\/wp\/v2\/media?parent=1292"}],"wp:term":[{"taxonomy":"category","embeddable":true,"href":"http:\/\/comisiondeportivatouring.com\/site\/index.php\/wp-json\/wp\/v2\/categories?post=1292"},{"taxonomy":"post_tag","embeddable":true,"href":"http:\/\/comisiondeportivatouring.com\/site\/index.php\/wp-json\/wp\/v2\/tags?post=1292"}],"curies":[{"name":"wp","href":"https:\/\/api.w.org\/{rel}","templated":true}]}}